{"id":38765,"date":"2025-04-28T11:46:23","date_gmt":"2025-04-28T04:46:23","guid":{"rendered":"https:\/\/sum.vn\/blog\/?p=38765"},"modified":"2026-04-28T16:46:25","modified_gmt":"2026-04-28T09:46:25","slug":"autonomie-et-innovation-l-avenement-des-vehicules-autonomes-a-paris","status":"publish","type":"post","link":"https:\/\/sum.vn\/blog\/autonomie-et-innovation-l-avenement-des-vehicules-autonomes-a-paris\/","title":{"rendered":"Autonomie et Innovation : L&#8217;Av\u00e8nement des V\u00e9hicules Autonomes \u00e0 Paris"},"content":{"rendered":"<section>\n<div id=\"toc_container\" class=\"toc_light_blue no_bullets\"><p class=\"toc_title\">M\u1ee5c l\u1ee5c<\/p><ul class=\"toc_list\"><li><a href=\"#Introduction_La_metamorphose_du_transport_urbain\"><span class=\"toc_number toc_depth_1\">1<\/span> Introduction : La m\u00e9tamorphose du transport urbain<\/a><\/li><li><a href=\"#Les_enjeux_majeurs_de_la_mobilite_autonome_a_Paris\"><span class=\"toc_number toc_depth_1\">2<\/span> Les enjeux majeurs de la mobilit\u00e9 autonome \u00e0 Paris<\/a><\/li><li><a href=\"#Les_innovations_technologiques_au_coeur_des_vehicules_IA\"><span class=\"toc_number toc_depth_1\">3<\/span> Les innovations technologiques au c\u0153ur des v\u00e9hicules IA<\/a><\/li><li><a href=\"#Cas_dusage_et_experimentations_parisiennes\"><span class=\"toc_number toc_depth_1\">4<\/span> Cas d\u2019usage et exp\u00e9rimentations parisiennes<\/a><\/li><li><a href=\"#Perspectives_La_capitale_dans_le_futur_de_la_mobilite_intelligente\"><span class=\"toc_number toc_depth_1\">5<\/span> Perspectives : La capitale dans le futur de la mobilit\u00e9 intelligente<\/a><\/li><li><a href=\"#Reflexion_ethique_et_enjeux_reglementaires\"><span class=\"toc_number toc_depth_1\">6<\/span> R\u00e9flexion \u00e9thique et enjeux r\u00e9glementaires<\/a><\/li><li><a href=\"#Conclusion_Une_ville_en_marche_vers_lavenir\"><span class=\"toc_number toc_depth_1\">7<\/span> Conclusion : Une ville en marche vers l\u2019avenir<\/a><\/li><\/ul><\/div>\n<h2><span id=\"Introduction_La_metamorphose_du_transport_urbain\">Introduction : La m\u00e9tamorphose du transport urbain<\/span><\/h2>\n<p>Paris, embl\u00e8me de la richesse culturelle et historique, se trouve aujourd&#8217;hui \u00e0 l&#8217;aube d&#8217;une r\u00e9volution technologique qui pourrait transformer radicalement sa mobilit\u00e9 quotidienne. La mont\u00e9e en puissance des v\u00e9hicules \u00e0 intelligence artificielle (IA) repr\u00e9sente une \u00e9tape strat\u00e9gique dans la lutte contre la congestion, la pollution et la congestion. La capitale, en tant que vitrine de l&#8217;innovation fran\u00e7aise, se positionne activement pour devenir un laboratoire \u00e0 ciel ouvert de cette mutation.<\/p>\n<\/section>\n<section>\n<h2><span id=\"Les_enjeux_majeurs_de_la_mobilite_autonome_a_Paris\">Les enjeux majeurs de la mobilit\u00e9 autonome \u00e0 Paris<\/span><\/h2>\n<p>Avec plus de 11 millions de d\u00e9placements quotidiens (source: <em>INSEE, 2022<\/em>), Paris doit relever plusieurs d\u00e9fis : r\u00e9duire l&#8217;empreinte carbone, fluidifier le trafic, et am\u00e9liorer la s\u00e9curit\u00e9 routi\u00e8re. La diffusion de v\u00e9hicules autonomes, notamment \u00e9quip\u00e9s d&#8217;intelligence artificielle avanc\u00e9e, offre une r\u00e9ponse potentielle \u00e0 ces enjeux.<\/p>\n<p>Les v\u00e9hicules autonomes sont con\u00e7us pour exploiter des capteurs, des cam\u00e9ras et des algorithmes sophistiqu\u00e9s afin de naviguer en temps r\u00e9el dans un environnement complexe, comme celui de Paris. La technologie permet de r\u00e9duire consid\u00e9rablement la probabilit\u00e9 d&#8217;erreurs humaines, qui repr\u00e9sentent environ 94% des accidents routiers (source: <em>SNPA, 2021<\/em>).<\/p>\n<\/section>\n<section>\n<h2><span id=\"Les_innovations_technologiques_au_coeur_des_vehicules_IA\">Les innovations technologiques au c\u0153ur des v\u00e9hicules IA<\/span><\/h2>\n<p>Les v\u00e9hicules \u00e9quip\u00e9s d&#8217;intelligence artificielle int\u00e8grent plusieurs avanc\u00e9es cl\u00e9s :<\/p>\n<ul>\n<li><strong>Syst\u00e8mes de perception :<\/strong> Cam\u00e9ras, lidars et radars pour d\u00e9tecter obstacles, pi\u00e9tons et autres v\u00e9hicules.<\/li>\n<li><strong>Algorithmes de navigation :<\/strong> Intelligence artificielle capable d&#8217;anticiper les mouvements et d&#8217;ajuster la trajectoire en temps r\u00e9el.<\/li>\n<li><strong>Syst\u00e8mes de d\u00e9cision autonome :<\/strong> Prise de d\u00e9cision instantan\u00e9e pour acc\u00e9l\u00e9rer, freiner ou changer de voie en toute s\u00e9curit\u00e9.<\/li>\n<\/ul>\n<p>Ces innovations offrent une pr\u00e9cision record dans la gestion des situations complexes, souvent mieux que la conduite humaine, en particulier dans un environnement urbain dense o\u00f9 r\u00e9activit\u00e9 et anticipation sont cruciales.<\/p>\n<\/section>\n<section>\n<h2><span id=\"Cas_dusage_et_experimentations_parisiennes\">Cas d\u2019usage et exp\u00e9rimentations parisiennes<\/span><\/h2>\n<p>Depuis 2020, plusieurs projets pilotes de v\u00e9hicules autonomes ont \u00e9t\u00e9 lanc\u00e9s dans diff\u00e9rents quartiers de Paris, notamment le long de la Seine et dans le 13\u00e8me arrondissement. Ces exp\u00e9rimentations incluent :<\/p>\n<table>\n<caption>Projets pilotes de v\u00e9hicules IA \u00e0 Paris<\/caption>\n<thead>\n<tr>\n<th>Ann\u00e9e<\/th>\n<th>Organisme impliqu\u00e9<\/th>\n<th>Type de v\u00e9hicule<\/th>\n<th>Objectifs principaux<\/th>\n<\/tr>\n<\/thead>\n<tbody>\n<tr>\n<td>2020<\/td>\n<td>Ville de Paris<\/td>\n<td>Shuttle autonome \u00e9lectrique<\/td>\n<td>Mobilit\u00e9 douce et int\u00e9gration urbaine<\/td>\n<\/tr>\n<tr>\n<td>2022<\/td>\n<td>Start-up locale<\/td>\n<td>V\u00e9hicules d&#8217;appui logistique<\/td>\n<td>R\u00e9duction du trafic de livraison<\/td>\n<\/tr>\n<\/tbody>\n<\/table>\n<p>Ces initiatives soulignent une volont\u00e9 claire : faire de Paris une ville o\u00f9 la technologie sert le quotidien, tout en respectant les imp\u00e9ratifs \u00e9cologiques et s\u00e9curitaires.<\/p>\n<\/section>\n<section>\n<h2><span id=\"Perspectives_La_capitale_dans_le_futur_de_la_mobilite_intelligente\">Perspectives : La capitale dans le futur de la mobilit\u00e9 intelligente<\/span><\/h2>\n<p>Selon plusieurs experts en mobilit\u00e9 urbaine, Paris pourrait voir 20 \u00e0 30 % de ses d\u00e9placements r\u00e9alis\u00e9s par des v\u00e9hicules enti\u00e8rement autonomes d&#8217;ici 2030 (<em>Institut Montaigne, 2023<\/em>). La mise en place d&#8217;infrastructures intelligentes \u2014 tels que des voies d\u00e9di\u00e9es et des syst\u00e8mes de gestion du trafic en temps r\u00e9el \u2014 permettra d&#8217;optimiser leur efficacit\u00e9.<\/p>\n<p>Le d\u00e9veloppement de cette technologie ne concerne pas seulement le transport individuel. Il ouvre \u00e9galement la voie \u00e0 l&#8217;int\u00e9gration de v\u00e9hicules partag\u00e9s, renfor\u00e7ant la sobri\u00e9t\u00e9 et l&#8217;efficacit\u00e9 des ressources urbaines.<\/p>\n<\/section>\n<section>\n<h2><span id=\"Reflexion_ethique_et_enjeux_reglementaires\">R\u00e9flexion \u00e9thique et enjeux r\u00e9glementaires<\/span><\/h2>\n<p>En parall\u00e8le \u00e0 ces avanc\u00e9es, la question de la r\u00e9gulation et de l\u2019\u00e9thique demeure essentielle. La confiance du public dans ces nouvelles formes de mobilit\u00e9 d\u00e9pendra de la transparence des algorithmes, de la s\u00e9curit\u00e9 des donn\u00e9es, et de la responsabilit\u00e9 en cas d&#8217;incident.<\/p>\n<blockquote><p>\n    &#8220;Pour que la transition vers une Paris \u201csur v\u00e9hicules IA\u201d soit r\u00e9ussie, il faut une gouvernance solide, investie dans la recherche et la protection des citoyens.&#8221; \u2014 Expert en mobilit\u00e9 urbaine\n  <\/p><\/blockquote>\n<\/section>\n<section>\n<h2><span id=\"Conclusion_Une_ville_en_marche_vers_lavenir\">Conclusion : Une ville en marche vers l\u2019avenir<\/span><\/h2>\n<p>Alors que Paris continue d\u2019incarner l\u2019\u00e9l\u00e9gance et l\u2019innovation, l\u2019int\u00e9gration des v\u00e9hicules intelligents appara\u00eet comme une \u00e9tape logique dans son \u00e9volution urbaine. La capitale fran\u00e7aise, \u00e0 travers ses exp\u00e9rimentations et sa vision strat\u00e9gique, pourrait devenir une r\u00e9f\u00e9rence mondiale dans la mise en \u0153uvre responsable et efficace des technologies autonomes.<\/p>\n<p>Pour approfondir ce sujet et d\u00e9couvrir les derni\u00e8res initiatives, consultez la plateforme sp\u00e9cialis\u00e9e qui d\u00e9taille <a href=\"https:\/\/rushhour-france.fr\/\" target=\"_blank\" rel=\"noopener\">paris sur v\u00e9hicules IA<\/a>, offrant un regard \u00e9clair\u00e9 sur les avanc\u00e9es et d\u00e9fis de cette r\u00e9volution. La transition vers une mobilit\u00e9 autonome \u00e0 Paris ne sera pas simplement technologique, mais aussi sociale et environnementale, marquant un tournant d\u00e9cisif dans l\u2019histoire urbaine.<\/p>\n<\/section>\n","protected":false},"excerpt":{"rendered":"<p>M\u1ee5c l\u1ee5c1 Introduction : La m\u00e9tamorphose du transport urbain2 Les enjeux majeurs de la mobilit\u00e9 autonome \u00e0 Paris3 Les innovations technologiques au c\u0153ur des v\u00e9hicules IA4 Cas d\u2019usage et exp\u00e9rimentations parisiennes5 Perspectives : La capitale dans le futur de la mobilit\u00e9 intelligente6 R\u00e9flexion \u00e9thique et enjeux r\u00e9glementaires7 Conclusion : Une ville en marche vers l\u2019avenir [&hellip;]<\/p>\n","protected":false},"author":5,"featured_media":0,"comment_status":"closed","ping_status":"closed","sticky":false,"template":"","format":"standard","meta":[],"categories":[1],"tags":[],"amp_enabled":true,"_links":{"self":[{"href":"https:\/\/sum.vn\/blog\/wp-json\/wp\/v2\/posts\/38765"}],"collection":[{"href":"https:\/\/sum.vn\/blog\/wp-json\/wp\/v2\/posts"}],"about":[{"href":"https:\/\/sum.vn\/blog\/wp-json\/wp\/v2\/types\/post"}],"author":[{"embeddable":true,"href":"https:\/\/sum.vn\/blog\/wp-json\/wp\/v2\/users\/5"}],"replies":[{"embeddable":true,"href":"https:\/\/sum.vn\/blog\/wp-json\/wp\/v2\/comments?post=38765"}],"version-history":[{"count":1,"href":"https:\/\/sum.vn\/blog\/wp-json\/wp\/v2\/posts\/38765\/revisions"}],"predecessor-version":[{"id":38766,"href":"https:\/\/sum.vn\/blog\/wp-json\/wp\/v2\/posts\/38765\/revisions\/38766"}],"wp:attachment":[{"href":"https:\/\/sum.vn\/blog\/wp-json\/wp\/v2\/media?parent=38765"}],"wp:term":[{"taxonomy":"category","embeddable":true,"href":"https:\/\/sum.vn\/blog\/wp-json\/wp\/v2\/categories?post=38765"},{"taxonomy":"post_tag","embeddable":true,"href":"https:\/\/sum.vn\/blog\/wp-json\/wp\/v2\/tags?post=38765"}],"curies":[{"name":"wp","href":"https:\/\/api.w.org\/{rel}","templated":true}]}}